{"id":5255,"date":"2017-03-10T11:00:57","date_gmt":"2017-03-10T10:00:57","guid":{"rendered":"https:\/\/www.analysverkstan.se\/?p=5255"},"modified":"2022-09-23T13:15:44","modified_gmt":"2022-09-23T11:15:44","slug":"har-du-tid-for-kompetensutveckling","status":"publish","type":"post","link":"http:\/\/www.analysverkstan.se\/en\/har-du-tid-for-kompetensutveckling\/","title":{"rendered":"Har du tid f\u00f6r utveckling?"},"content":{"rendered":"\t\t<div data-elementor-type=\"wp-post\" data-elementor-id=\"5255\" class=\"elementor elementor-5255\" data-elementor-post-type=\"post\">\n\t\t\t\t\t\t<section class=\"elementor-section elementor-top-section elementor-element elementor-element-a1fec35 elementor-section-boxed elementor-section-height-default elementor-section-height-default\" data-id=\"a1fec35\" data-element_type=\"section\" data-e-type=\"section\">\n\t\t\t\t\t\t<div class=\"elementor-container elementor-column-gap-default\">\n\t\t\t\t\t<div class=\"elementor-column elementor-col-100 elementor-top-column elementor-element elementor-element-b713a97\" data-id=\"b713a97\" data-element_type=\"column\" data-e-type=\"column\">\n\t\t\t<div class=\"elementor-widget-wrap elementor-element-populated\">\n\t\t\t\t\t\t<div class=\"elementor-element elementor-element-d1fe3b4 elementor-widget elementor-widget-heading\" data-id=\"d1fe3b4\" data-element_type=\"widget\" data-e-type=\"widget\" data-widget_type=\"heading.default\">\n\t\t\t\t<div class=\"elementor-widget-container\">\n\t\t\t\t\t<h1 class=\"elementor-heading-title elementor-size-default\">Har du tid f\u00f6r kompetensutveckling?<\/h1>\t\t\t\t<\/div>\n\t\t\t\t<\/div>\n\t\t\t\t<div class=\"elementor-element elementor-element-5ff3549 elementor-widget elementor-widget-text-editor\" data-id=\"5ff3549\" data-element_type=\"widget\" data-e-type=\"widget\" data-widget_type=\"text-editor.default\">\n\t\t\t\t<div class=\"elementor-widget-container\">\n\t\t\t\t\t\t\t\t\t<p>Kompetensutveckling \u00e4r en av de viktigaste aktiviteterna inom en verksamhet. Med personlig utveckling skapar man verksamhetsutveckling!\u00a0<span style=\"font-size: 15px; color: var( --e-global-color-text ); font-family: var( --e-global-typography-text-font-family ), Sans-serif; background-color: var(--ast-global-color-5);\">Det \u00e4r vi m\u00e4nniskor som p\u00e5 ett eller annat s\u00e4tt f\u00f6r\u00e4ndrar verksamheter till vad de \u00e4r just idag. Det \u00e4r via v\u00e5r gemensamma kompetens vi g\u00f6ra det.<\/span><\/p><p>Trots detta s\u00e5 har vi idag v\u00e4ldigt lite tid \u00f6ver f\u00f6r just kompetensutveckling, vilket k\u00e4nns lite konstigt.<\/p><p>Med dagens h\u00f6ga tempo och kundernas h\u00f6gt st\u00e4llda krav blir vi allt mer fokuserade att ge kunden vad de vill ha med den utrustning och kompetens som redan finns, ist\u00e4llet f\u00f6r att t\u00e4nka l\u00e5ngsiktigt.<\/p>\t\t\t\t\t\t\t\t<\/div>\n\t\t\t\t<\/div>\n\t\t\t\t<div class=\"elementor-element elementor-element-3ebad66 elementor-widget elementor-widget-table-of-contents\" data-id=\"3ebad66\" data-element_type=\"widget\" data-e-type=\"widget\" data-settings=\"{&quot;exclude_headings_by_selector&quot;:[],&quot;headings_by_tags&quot;:[&quot;h2&quot;,&quot;h3&quot;,&quot;h4&quot;,&quot;h5&quot;,&quot;h6&quot;],&quot;marker_view&quot;:&quot;numbers&quot;,&quot;no_headings_message&quot;:&quot;No headings were found on this page.&quot;,&quot;hierarchical_view&quot;:&quot;yes&quot;,&quot;min_height&quot;:{&quot;unit&quot;:&quot;px&quot;,&quot;size&quot;:&quot;&quot;,&quot;sizes&quot;:[]},&quot;min_height_tablet&quot;:{&quot;unit&quot;:&quot;px&quot;,&quot;size&quot;:&quot;&quot;,&quot;sizes&quot;:[]},&quot;min_height_mobile&quot;:{&quot;unit&quot;:&quot;px&quot;,&quot;size&quot;:&quot;&quot;,&quot;sizes&quot;:[]}}\" data-widget_type=\"table-of-contents.default\">\n\t\t\t\t<div class=\"elementor-widget-container\">\n\t\t\t\t\t\t\t\t\t<div class=\"elementor-toc__header\">\n\t\t\t\t\t\t<h4 class=\"elementor-toc__header-title\">\n\t\t\t\tInneh\u00e5llsf\u00f6rteckning\t\t\t<\/h4>\n\t\t\t\t\t\t\t\t<\/div>\n\t\t\t\t<div id=\"elementor-toc__3ebad66\" class=\"elementor-toc__body\">\n\t\t\t<div class=\"elementor-toc__spinner-container\">\n\t\t\t\t<svg class=\"elementor-toc__spinner eicon-animation-spin e-font-icon-svg e-eicon-loading\" aria-hidden=\"true\" viewBox=\"0 0 1000 1000\" xmlns=\"http:\/\/www.w3.org\/2000\/svg\"><path d=\"M500 975V858C696 858 858 696 858 500S696 142 500 142 142 304 142 500H25C25 237 238 25 500 25S975 237 975 500 763 975 500 975Z\"><\/path><\/svg>\t\t\t<\/div>\n\t\t<\/div>\n\t\t\t\t\t\t<\/div>\n\t\t\t\t<\/div>\n\t\t\t\t\t<\/div>\n\t\t<\/div>\n\t\t\t\t\t<\/div>\n\t\t<\/section>\n\t\t\t\t<section class=\"elementor-section elementor-top-section elementor-element elementor-element-241da1e elementor-section-boxed elementor-section-height-default elementor-section-height-default\" data-id=\"241da1e\" data-element_type=\"section\" data-e-type=\"section\">\n\t\t\t\t\t\t<div class=\"elementor-container elementor-column-gap-default\">\n\t\t\t\t\t<div class=\"elementor-column elementor-col-100 elementor-top-column elementor-element elementor-element-70dce7e\" data-id=\"70dce7e\" data-element_type=\"column\" data-e-type=\"column\">\n\t\t\t<div class=\"elementor-widget-wrap elementor-element-populated\">\n\t\t\t\t\t\t<div class=\"elementor-element elementor-element-5c86c92 elementor-widget elementor-widget-heading\" data-id=\"5c86c92\" data-element_type=\"widget\" data-e-type=\"widget\" data-widget_type=\"heading.default\">\n\t\t\t\t<div class=\"elementor-widget-container\">\n\t\t\t\t\t<h2 class=\"elementor-heading-title elementor-size-default\">Kompetensutveckling beh\u00f6vs i alla roller<\/h2>\t\t\t\t<\/div>\n\t\t\t\t<\/div>\n\t\t\t\t<div class=\"elementor-element elementor-element-f5ef4cd elementor-widget elementor-widget-text-editor\" data-id=\"f5ef4cd\" data-element_type=\"widget\" data-e-type=\"widget\" data-widget_type=\"text-editor.default\">\n\t\t\t\t<div class=\"elementor-widget-container\">\n\t\t\t\t\t\t\t\t\t<p>Kompetensutveckling \u00e4r n\u00e5got som beh\u00f6vs i samtliga delar i en verksamhet. Att utveckla de anst\u00e4llda \u00e4r en n\u00f6dv\u00e4ndighet d\u00e5 verksamhetsutveckling bygger p\u00e5 aktiviteter utf\u00f6ra av individer. Genom att s\u00e4kerst\u00e4lla en regelbunden och prioriterad kompetensutveckling f\u00f6r de anst\u00e4llda skapas f\u00f6ruts\u00e4ttningar f\u00f6r verksamheten.<\/p><p>Tyv\u00e4rr \u00e4r budgeten f\u00f6r kompetensutveckling ofta satt allt f\u00f6r l\u00e5gt och vi som utbildningsf\u00f6retag ser ibland att verksamheter v\u00e4ljer ut n\u00e5gon individ som f\u00e5r m\u00f6jligheten att genomf\u00f6ra en kurs. Detta s\u00e4tter dock en enorm press p\u00e5 individen som f\u00f6rst och fr\u00e4mst ska fokusera p\u00e5 att l\u00e4ra sig de nya kunskaperna.\u00a0<\/p><p>V\u00e4l tillbaka p\u00e5 arbetsplatsen \u00e4r han eller hon ensam om dessa insikter och har d\u00e4rmed en rej\u00e4l uppf\u00f6rsbacke n\u00e4r f\u00f6r\u00e4ndringar ska ske. Ist\u00e4llet f\u00f6r att man med gemensamma krafter genomf\u00f6r verksamhetsutveckling s\u00e5 blir uppdraget ofta inriktat p\u00e5 att &#8221;\u00f6vertala&#8221; \u00f6vriga om att f\u00f6r\u00e4ndringen \u00e4r n\u00f6dv\u00e4ndig och bra f\u00f6r verksamheten.<\/p><p>Idag finns moderna metoder och koncept som g\u00f6r det enklare f\u00f6r verksamheter att utf\u00f6ra breddutbildning och vi t\u00e4nkte skriva lite om dessa d\u00e5 de kan vara ett alternativ som g\u00f6r att bland annat budgeten r\u00e4cker l\u00e4ngre.<\/p>\t\t\t\t\t\t\t\t<\/div>\n\t\t\t\t<\/div>\n\t\t\t\t\t<\/div>\n\t\t<\/div>\n\t\t\t\t\t<\/div>\n\t\t<\/section>\n\t\t\t\t<section class=\"elementor-section elementor-top-section elementor-element elementor-element-f711a66 elementor-section-boxed elementor-section-height-default elementor-section-height-default\" data-id=\"f711a66\" data-element_type=\"section\" data-e-type=\"section\">\n\t\t\t\t\t\t<div class=\"elementor-container elementor-column-gap-default\">\n\t\t\t\t\t<div class=\"elementor-column elementor-col-100 elementor-top-column elementor-element elementor-element-364584a\" data-id=\"364584a\" data-element_type=\"column\" data-e-type=\"column\">\n\t\t\t<div class=\"elementor-widget-wrap elementor-element-populated\">\n\t\t\t\t\t\t<div class=\"elementor-element elementor-element-7c82a09 elementor-widget elementor-widget-heading\" data-id=\"7c82a09\" data-element_type=\"widget\" data-e-type=\"widget\" data-widget_type=\"heading.default\">\n\t\t\t\t<div class=\"elementor-widget-container\">\n\t\t\t\t\t<h2 class=\"elementor-heading-title elementor-size-default\">Framtidens kvalitet<\/h2>\t\t\t\t<\/div>\n\t\t\t\t<\/div>\n\t\t\t\t<div class=\"elementor-element elementor-element-f353e19 elementor-widget elementor-widget-text-editor\" data-id=\"f353e19\" data-element_type=\"widget\" data-e-type=\"widget\" data-widget_type=\"text-editor.default\">\n\t\t\t\t<div class=\"elementor-widget-container\">\n\t\t\t\t\t\t\t\t\t<p>Handlar om smartare alternativ. De metoder och verktyg som finns idag, \u00e4r tillr\u00e4cklig bra, det handlar bara om att skaffa sig kunskap.\u00a0<span style=\"font-size: 15px; color: var( --e-global-color-text ); font-family: var( --e-global-typography-text-font-family ), Sans-serif; background-color: var(--ast-global-color-5);\">Elektroniska utbildningar \u00e4r inte n\u00e5got nytt fenomen och trots att <a href=\"https:\/\/www.analysverkstan.se\/fakta-om-e-learning\/\" target=\"_blank\" rel=\"noopener\">\u201cE-learning\u201d har \u00f6kat med 900% sedan \u00e5r 2000<\/a> har omr\u00e5det kvalitetsteknik haft ett svagt utbud \u00e5t sina kunder.<\/span><\/p><p>Jag p\u00e5st\u00e5r inte att E-kurser kommer att ers\u00e4tta de traditionella l\u00e4rarledda utbildningarna fullst\u00e4ndigt. Behovet av l\u00e4rarledda kurser\u00a0kommer alltid att finnas.\u00a0<span style=\"font-size: 15px; color: var( --e-global-color-text ); font-family: var( --e-global-typography-text-font-family ), Sans-serif; background-color: var(--ast-global-color-5);\">Jag p\u00e5st\u00e5r dock att det finns m\u00e5nga utbildningar som kan genomf\u00f6ras via datorn, likav\u00e4l som att de genomf\u00f6rs i l\u00e4rarledd form.<\/span><\/p><p>Genom att anv\u00e4nda de traditionella metoderna f\u00f6r utbildningar som kr\u00e4ver l\u00e4rarledda lektioner och sedan ers\u00e4tta \u00f6vriga kurser med elektroniska, skapar vi intressanta och kostnadseffektiva alternativ f\u00f6r kunden.<\/p>\t\t\t\t\t\t\t\t<\/div>\n\t\t\t\t<\/div>\n\t\t\t\t<section class=\"elementor-section elementor-inner-section elementor-element elementor-element-73b1953 elementor-section-boxed elementor-section-height-default elementor-section-height-default\" data-id=\"73b1953\" data-element_type=\"section\" data-e-type=\"section\">\n\t\t\t\t\t\t<div class=\"elementor-container elementor-column-gap-default\">\n\t\t\t\t\t<div class=\"elementor-column elementor-col-33 elementor-inner-column elementor-element elementor-element-598e9c6\" data-id=\"598e9c6\" data-element_type=\"column\" data-e-type=\"column\">\n\t\t\t<div class=\"elementor-widget-wrap elementor-element-populated\">\n\t\t\t\t\t\t<div class=\"elementor-element elementor-element-1edff4c elementor-widget elementor-widget-image\" data-id=\"1edff4c\" data-element_type=\"widget\" data-e-type=\"widget\" data-widget_type=\"image.default\">\n\t\t\t\t<div class=\"elementor-widget-container\">\n\t\t\t\t\t\t\t\t\t\t\t\t\t\t\t\t<a href=\"https:\/\/www.analysverkstan.se\/butik\/\" target=\"_blank\">\n\t\t\t\t\t\t\t<img fetchpriority=\"high\" decoding=\"async\" width=\"300\" height=\"244\" src=\"https:\/\/www.analysverkstan.se\/wp-content\/uploads\/2017\/09\/computer_monitor_16_9_18536-4.png\" class=\"attachment-large size-large wp-image-5630\" alt=\"kompetensutveckling\" srcset=\"https:\/\/www.analysverkstan.se\/wp-content\/uploads\/2017\/09\/computer_monitor_16_9_18536-4.png 300w, https:\/\/www.analysverkstan.se\/wp-content\/uploads\/2017\/09\/computer_monitor_16_9_18536-4-250x203.png 250w, https:\/\/www.analysverkstan.se\/wp-content\/uploads\/2017\/09\/computer_monitor_16_9_18536-4-200x163.png 200w\" sizes=\"(max-width: 300px) 100vw, 300px\" \/>\t\t\t\t\t\t\t\t<\/a>\n\t\t\t\t\t\t\t\t\t\t\t\t\t\t\t<\/div>\n\t\t\t\t<\/div>\n\t\t\t\t\t<\/div>\n\t\t<\/div>\n\t\t\t\t<div class=\"elementor-column elementor-col-33 elementor-inner-column elementor-element elementor-element-20355a0\" data-id=\"20355a0\" data-element_type=\"column\" data-e-type=\"column\">\n\t\t\t<div class=\"elementor-widget-wrap\">\n\t\t\t\t\t\t\t<\/div>\n\t\t<\/div>\n\t\t\t\t<div class=\"elementor-column elementor-col-33 elementor-inner-column elementor-element elementor-element-66ef860\" data-id=\"66ef860\" data-element_type=\"column\" data-e-type=\"column\">\n\t\t\t<div class=\"elementor-widget-wrap\">\n\t\t\t\t\t\t\t<\/div>\n\t\t<\/div>\n\t\t\t\t\t<\/div>\n\t\t<\/section>\n\t\t\t\t\t<\/div>\n\t\t<\/div>\n\t\t\t\t\t<\/div>\n\t\t<\/section>\n\t\t\t\t<section class=\"elementor-section elementor-top-section elementor-element elementor-element-ed8cd3e elementor-section-boxed elementor-section-height-default elementor-section-height-default\" data-id=\"ed8cd3e\" data-element_type=\"section\" data-e-type=\"section\">\n\t\t\t\t\t\t<div class=\"elementor-container elementor-column-gap-default\">\n\t\t\t\t\t<div class=\"elementor-column elementor-col-100 elementor-top-column elementor-element elementor-element-2b832fb\" data-id=\"2b832fb\" data-element_type=\"column\" data-e-type=\"column\">\n\t\t\t<div class=\"elementor-widget-wrap elementor-element-populated\">\n\t\t\t\t\t\t<div class=\"elementor-element elementor-element-e6fad23 elementor-widget elementor-widget-heading\" data-id=\"e6fad23\" data-element_type=\"widget\" data-e-type=\"widget\" data-widget_type=\"heading.default\">\n\t\t\t\t<div class=\"elementor-widget-container\">\n\t\t\t\t\t<h2 class=\"elementor-heading-title elementor-size-default\">Fungerar kompetensutveckling via utbildningar p\u00e5 webben?<\/h2>\t\t\t\t<\/div>\n\t\t\t\t<\/div>\n\t\t\t\t<div class=\"elementor-element elementor-element-f5fca9e elementor-widget elementor-widget-text-editor\" data-id=\"f5fca9e\" data-element_type=\"widget\" data-e-type=\"widget\" data-widget_type=\"text-editor.default\">\n\t\t\t\t<div class=\"elementor-widget-container\">\n\t\t\t\t\t\t\t\t\t<p>Ja, det fungerar v\u00e4ldigt bra. Vi har under \u00e5ren tagit fram utbildningar som du och dina kollegor kan ta del av och under denna period har vi samlat in information fr\u00e5n v\u00e5ra kursdeltagare. Det r\u00e5der idag ingen tvivel om att kurserna fungerar och vi kan med hj\u00e4lp av kundrecensioner l\u00e5ta dig ta del av vad v\u00e5ra kunder anser om de utbildningar som vi erbjuder.<\/p><p>Vi har sedan starten \u00e5r 2014 samlat in kundrecensioner och du kan l\u00e4sa mer dem via l\u00e4nken nedan.\u00a0<\/p>\t\t\t\t\t\t\t\t<\/div>\n\t\t\t\t<\/div>\n\t\t\t\t<div class=\"elementor-element elementor-element-929dcdf elementor-align-justify elementor-widget elementor-widget-button\" data-id=\"929dcdf\" data-element_type=\"widget\" data-e-type=\"widget\" data-widget_type=\"button.default\">\n\t\t\t\t<div class=\"elementor-widget-container\">\n\t\t\t\t\t\t\t\t\t<div class=\"elementor-button-wrapper\">\n\t\t\t\t\t<a class=\"elementor-button elementor-button-link elementor-size-sm\" href=\"https:\/\/www.analysverkstan.se\/kundrecensioner\/\">\n\t\t\t\t\t\t<span class=\"elementor-button-content-wrapper\">\n\t\t\t\t\t\t\t\t\t<span class=\"elementor-button-text\">Kundrecensioner<\/span>\n\t\t\t\t\t<\/span>\n\t\t\t\t\t<\/a>\n\t\t\t\t<\/div>\n\t\t\t\t\t\t\t\t<\/div>\n\t\t\t\t<\/div>\n\t\t\t\t\t<\/div>\n\t\t<\/div>\n\t\t\t\t\t<\/div>\n\t\t<\/section>\n\t\t\t\t<section class=\"elementor-section elementor-top-section elementor-element elementor-element-02e84e0 elementor-section-boxed elementor-section-height-default elementor-section-height-default\" data-id=\"02e84e0\" data-element_type=\"section\" data-e-type=\"section\">\n\t\t\t\t\t\t<div class=\"elementor-container elementor-column-gap-default\">\n\t\t\t\t\t<div class=\"elementor-column elementor-col-100 elementor-top-column elementor-element elementor-element-306c0eb\" data-id=\"306c0eb\" data-element_type=\"column\" data-e-type=\"column\">\n\t\t\t<div class=\"elementor-widget-wrap elementor-element-populated\">\n\t\t\t\t\t\t<div class=\"elementor-element elementor-element-24f9b9d elementor-widget elementor-widget-heading\" data-id=\"24f9b9d\" data-element_type=\"widget\" data-e-type=\"widget\" data-widget_type=\"heading.default\">\n\t\t\t\t<div class=\"elementor-widget-container\">\n\t\t\t\t\t<h2 class=\"elementor-heading-title elementor-size-default\">Vilka alternativ finns det kring kompetensutveckling<\/h2>\t\t\t\t<\/div>\n\t\t\t\t<\/div>\n\t\t\t\t<div class=\"elementor-element elementor-element-f386eb1 elementor-widget elementor-widget-text-editor\" data-id=\"f386eb1\" data-element_type=\"widget\" data-e-type=\"widget\" data-widget_type=\"text-editor.default\">\n\t\t\t\t<div class=\"elementor-widget-container\">\n\t\t\t\t\t\t\t\t\t<p>Det finns flera alternativ att v\u00e4lja p\u00e5 och valet \u00e4r h\u00f6gst individuellt. F\u00f6r att veta vilket koncept som passar b\u00e4st, f\u00e5r man nog prova sig fram. Det som \u00e4r f\u00f6rdelaktigt \u00e4r att de nyare koncepten som sker \u00f6ver n\u00e4tet, \u00e4r mer kostnadseffektiva och du kan testa metoderna f\u00f6r en mindre summa.<\/p>\t\t\t\t\t\t\t\t<\/div>\n\t\t\t\t<\/div>\n\t\t\t\t<div class=\"elementor-element elementor-element-3d863f1 elementor-widget elementor-widget-heading\" data-id=\"3d863f1\" data-element_type=\"widget\" data-e-type=\"widget\" data-widget_type=\"heading.default\">\n\t\t\t\t<div class=\"elementor-widget-container\">\n\t\t\t\t\t<h3 class=\"elementor-heading-title elementor-size-default\">Konceptet \"E-learning\"<\/h3>\t\t\t\t<\/div>\n\t\t\t\t<\/div>\n\t\t\t\t<div class=\"elementor-element elementor-element-3dc01d3 elementor-widget elementor-widget-text-editor\" data-id=\"3dc01d3\" data-element_type=\"widget\" data-e-type=\"widget\" data-widget_type=\"text-editor.default\">\n\t\t\t\t<div class=\"elementor-widget-container\">\n\t\t\t\t\t\t\t\t\t<p>Vi har skrivit ett inl\u00e4gg d\u00e4r vi j\u00e4mf\u00f6r l\u00e4rarledda utbildningar med metodiken &#8221;Elektroniska utbildningar. <a href=\"https:\/\/www.analysverkstan.se\/lararledda-utbildningar-vs-elektroniska-utbildningar\/\" target=\"_blank\" rel=\"noopener\">Om ni \u00e4r intresserade av att ta del av det inl\u00e4gget s\u00e5 l\u00e4nkar vi till det h\u00e4r<\/a>.<\/p>\t\t\t\t\t\t\t\t<\/div>\n\t\t\t\t<\/div>\n\t\t\t\t<div class=\"elementor-element elementor-element-ca3947d elementor-widget elementor-widget-text-editor\" data-id=\"ca3947d\" data-element_type=\"widget\" data-e-type=\"widget\" data-widget_type=\"text-editor.default\">\n\t\t\t\t<div class=\"elementor-widget-container\">\n\t\t\t\t\t\t\t\t\t<p>Info: Digitala utbildningar kan ske p\u00e5 flera olika s\u00e4tt. Dels kan vi anv\u00e4nda oss av f\u00f6rinspelat material som kursdeltagarna sedan tar del av via ett <a href=\"https:\/\/www.analysverkstan.se\/vad-ar-ett-lms\/\" target=\"_blank\" rel=\"noopener\">LMS<\/a>\u00a0eller s\u00e5 kan det ske live med kursledaren via webbkamera. till detta finns verktyg s\u00e5 som exempelvis <a href=\"https:\/\/www.microsoft.com\/sv-se\/microsoft-teams\/free?market=se\" target=\"_blank\" rel=\"noopener\">Teams<\/a> eller <a href=\"https:\/\/www.skype.com\/sv\/\" target=\"_blank\" rel=\"noopener\">Skype<\/a>.<\/p>\t\t\t\t\t\t\t\t<\/div>\n\t\t\t\t<\/div>\n\t\t\t\t<div class=\"elementor-element elementor-element-b36735a elementor-widget elementor-widget-heading\" data-id=\"b36735a\" data-element_type=\"widget\" data-e-type=\"widget\" data-widget_type=\"heading.default\">\n\t\t\t\t<div class=\"elementor-widget-container\">\n\t\t\t\t\t<h3 class=\"elementor-heading-title elementor-size-default\">Konceptet \"Hybridutbildning\"<\/h3>\t\t\t\t<\/div>\n\t\t\t\t<\/div>\n\t\t\t\t<div class=\"elementor-element elementor-element-45ace72 elementor-widget elementor-widget-text-editor\" data-id=\"45ace72\" data-element_type=\"widget\" data-e-type=\"widget\" data-widget_type=\"text-editor.default\">\n\t\t\t\t<div class=\"elementor-widget-container\">\n\t\t\t\t\t\t\t\t\t<p>Precis som ovan har vi skrivit ett <a href=\"https:\/\/www.analysverkstan.se\/hybridutbildning\/\" target=\"_blank\" rel=\"noopener\">inl\u00e4gg riktat mot just detta begrepp och ni kan l\u00e4sa det inl\u00e4gget via denna l\u00e4nk<\/a>. Konceptet handlar i stor om att den l\u00e4rarledda metodiken blandas med en digital del. Detta kan ske p\u00e5 olika s\u00e4tt, vilket vi \u00e4ven f\u00f6rklarar i inl\u00e4gget.<\/p>\t\t\t\t\t\t\t\t<\/div>\n\t\t\t\t<\/div>\n\t\t\t\t\t<\/div>\n\t\t<\/div>\n\t\t\t\t\t<\/div>\n\t\t<\/section>\n\t\t\t\t<\/div>\n\t\t","protected":false},"excerpt":{"rendered":"<p>Har du tid f\u00f6r kompetensutveckling? Kompetensutveckling \u00e4r en av de viktigaste aktiviteterna inom en verksamhet. Med personlig utveckling skapar man verksamhetsutveckling!\u00a0Det \u00e4r vi m\u00e4nniskor som p\u00e5 ett eller annat s\u00e4tt f\u00f6r\u00e4ndrar verksamheter till vad de \u00e4r just idag. Det \u00e4r via v\u00e5r gemensamma kompetens vi g\u00f6ra det. Trots detta s\u00e5 har vi idag v\u00e4ldigt lite [&hellip;]<\/p>\n","protected":false},"author":1,"featured_media":8785,"comment_status":"open","ping_status":"open","sticky":false,"template":"","format":"standard","meta":{"site-sidebar-layout":"default","site-content-layout":"default","ast-site-content-layout":"default","site-content-style":"default","site-sidebar-style":"default","ast-global-header-display":"","ast-banner-title-visibility":"","ast-main-header-display":"","ast-hfb-above-header-display":"","ast-hfb-below-header-display":"","ast-hfb-mobile-header-display":"","site-post-title":"","ast-breadcrumbs-content":"","ast-featured-img":"","footer-sml-layout":"","ast-disable-related-posts":"","theme-transparent-header-meta":"default","adv-header-id-meta":"","stick-header-meta":"","header-above-stick-meta":"","header-main-stick-meta":"","header-below-stick-meta":"","astra-migrate-meta-layouts":"default","ast-page-background-enabled":"default","ast-page-background-meta":{"desktop":{"background-color":"","background-image":"","background-repeat":"repeat","background-position":"center center","background-size":"auto","background-attachment":"scroll","background-type":"","background-media":"","overlay-type":"","overlay-color":"","overlay-opacity":"","overlay-gradient":""},"tablet":{"background-color":"","background-image":"","background-repeat":"repeat","background-position":"center center","background-size":"auto","background-attachment":"scroll","background-type":"","background-media":"","overlay-type":"","overlay-color":"","overlay-opacity":"","overlay-gradient":""},"mobile":{"background-color":"","background-image":"","background-repeat":"repeat","background-position":"center center","background-size":"auto","background-attachment":"scroll","background-type":"","background-media":"","overlay-type":"","overlay-color":"","overlay-opacity":"","overlay-gradient":""}},"ast-content-background-meta":{"desktop":{"background-color":"var(--ast-global-color-5)","background-image":"","background-repeat":"repeat","background-position":"center center","background-size":"auto","background-attachment":"scroll","background-type":"","background-media":"","overlay-type":"","overlay-color":"","overlay-opacity":"","overlay-gradient":""},"tablet":{"background-color":"var(--ast-global-color-5)","background-image":"","background-repeat":"repeat","background-position":"center center","background-size":"auto","background-attachment":"scroll","background-type":"","background-media":"","overlay-type":"","overlay-color":"","overlay-opacity":"","overlay-gradient":""},"mobile":{"background-color":"var(--ast-global-color-5)","background-image":"","background-repeat":"repeat","background-position":"center center","background-size":"auto","background-attachment":"scroll","background-type":"","background-media":"","overlay-type":"","overlay-color":"","overlay-opacity":"","overlay-gradient":""}},"footnotes":""},"categories":[7,6],"tags":[],"class_list":["post-5255","post","type-post","status-publish","format-standard","has-post-thumbnail","hentry","category-tips","category-verkstans-egna"],"_links":{"self":[{"href":"http:\/\/www.analysverkstan.se\/en\/wp-json\/wp\/v2\/posts\/5255","targetHints":{"allow":["GET"]}}],"collection":[{"href":"http:\/\/www.analysverkstan.se\/en\/wp-json\/wp\/v2\/posts"}],"about":[{"href":"http:\/\/www.analysverkstan.se\/en\/wp-json\/wp\/v2\/types\/post"}],"author":[{"embeddable":true,"href":"http:\/\/www.analysverkstan.se\/en\/wp-json\/wp\/v2\/users\/1"}],"replies":[{"embeddable":true,"href":"http:\/\/www.analysverkstan.se\/en\/wp-json\/wp\/v2\/comments?post=5255"}],"version-history":[{"count":22,"href":"http:\/\/www.analysverkstan.se\/en\/wp-json\/wp\/v2\/posts\/5255\/revisions"}],"predecessor-version":[{"id":10639,"href":"http:\/\/www.analysverkstan.se\/en\/wp-json\/wp\/v2\/posts\/5255\/revisions\/10639"}],"wp:featuredmedia":[{"embeddable":true,"href":"http:\/\/www.analysverkstan.se\/en\/wp-json\/wp\/v2\/media\/8785"}],"wp:attachment":[{"href":"http:\/\/www.analysverkstan.se\/en\/wp-json\/wp\/v2\/media?parent=5255"}],"wp:term":[{"taxonomy":"category","embeddable":true,"href":"http:\/\/www.analysverkstan.se\/en\/wp-json\/wp\/v2\/categories?post=5255"},{"taxonomy":"post_tag","embeddable":true,"href":"http:\/\/www.analysverkstan.se\/en\/wp-json\/wp\/v2\/tags?post=5255"}],"curies":[{"name":"wp","href":"https:\/\/api.w.org\/{rel}","templated":true}]}}